{"id":35042,"date":"2022-05-13T11:59:55","date_gmt":"2022-05-13T11:59:55","guid":{"rendered":"https:\/\/valsarte.com\/?p=35042"},"modified":"2025-06-16T10:51:58","modified_gmt":"2025-06-16T10:51:58","slug":"visit-us-at-prowein-2022","status":"publish","type":"post","link":"https:\/\/valsarte.com\/en\/blog\/visit-us-at-prowein-2022\/","title":{"rendered":"Visit us at Prowein 2022"},"content":{"rendered":"\t\t<div data-elementor-type=\"wp-post\" data-elementor-id=\"35042\" class=\"elementor elementor-35042 elementor-33808\" data-elementor-post-type=\"post\">\n\t\t\t\t<div class=\"elementor-element elementor-element-9012025 e-flex e-con-boxed e-con e-parent\" data-id=\"9012025\" data-element_type=\"container\">\n\t\t\t\t\t<div class=\"e-con-inner\">\n\t\t\t\t<div class=\"elementor-element elementor-element-658dba6 title-min sc_fly_static elementor-widget elementor-widget-heading\" data-id=\"658dba6\" data-element_type=\"widget\" data-widget_type=\"heading.default\">\n\t\t\t\t<div class=\"elementor-widget-container\">\n\t\t\t\t\t<h3 class=\"elementor-heading-title elementor-size-default\">FROM MAY 15 TO 17, STAND 13A100-13<\/h3>\t\t\t\t<\/div>\n\t\t\t\t<\/div>\n\t\t\t\t<div class=\"elementor-element elementor-element-8b1df90 sc_fly_static elementor-widget elementor-widget-spacer\" data-id=\"8b1df90\" data-element_type=\"widget\" data-widget_type=\"spacer.default\">\n\t\t\t\t<div class=\"elementor-widget-container\">\n\t\t\t\t\t\t\t<div class=\"elementor-spacer\">\n\t\t\t<div class=\"elementor-spacer-inner\"><\/div>\n\t\t<\/div>\n\t\t\t\t\t\t<\/div>\n\t\t\t\t<\/div>\n\t\t\t\t<div class=\"elementor-element elementor-element-35de040 sc_fly_static elementor-widget elementor-widget-text-editor\" data-id=\"35de040\" data-element_type=\"widget\" data-widget_type=\"text-editor.default\">\n\t\t\t\t<div class=\"elementor-widget-container\">\n\t\t\t\t\t\t\t\t\t<p>At Bodegas Solana de Ram\u00edrez, we know how important a globalized world is today, so this year we&#8217;ve put our backs into action and are implementing an export program to showcase our wines around the world and ensure they are represented in more countries.<\/p>\t\t\t\t\t\t\t\t<\/div>\n\t\t\t\t<\/div>\n\t\t\t\t\t<\/div>\n\t\t\t\t<\/div>\n\t\t<div class=\"elementor-element elementor-element-850640c e-flex e-con-boxed e-con e-parent\" data-id=\"850640c\" data-element_type=\"container\">\n\t\t\t\t\t<div class=\"e-con-inner\">\n\t\t\t\t<div class=\"elementor-element elementor-element-5afdf0b sc_fly_static elementor-widget elementor-widget-image\" data-id=\"5afdf0b\" data-element_type=\"widget\" data-widget_type=\"image.default\">\n\t\t\t\t<div class=\"elementor-widget-container\">\n\t\t\t\t\t\t\t\t\t\t\t\t\t\t\t<img fetchpriority=\"high\" decoding=\"async\" width=\"1024\" height=\"797\" src=\"https:\/\/valsarte.com\/wp-content\/uploads\/2022\/05\/PROWEIN-2022-1024x797.jpg\" class=\"attachment-large size-large wp-image-27089\" alt=\"\" srcset=\"https:\/\/valsarte.com\/wp-content\/uploads\/2022\/05\/PROWEIN-2022-1024x797.jpg 1024w, https:\/\/valsarte.com\/wp-content\/uploads\/2022\/05\/PROWEIN-2022-300x233.jpg 300w, https:\/\/valsarte.com\/wp-content\/uploads\/2022\/05\/PROWEIN-2022-768x597.jpg 768w, https:\/\/valsarte.com\/wp-content\/uploads\/2022\/05\/PROWEIN-2022-370x288.jpg 370w, https:\/\/valsarte.com\/wp-content\/uploads\/2022\/05\/PROWEIN-2022-840x653.jpg 840w, https:\/\/valsarte.com\/wp-content\/uploads\/2022\/05\/PROWEIN-2022-410x319.jpg 410w, https:\/\/valsarte.com\/wp-content\/uploads\/2022\/05\/PROWEIN-2022-1200x933.jpg 1200w, https:\/\/valsarte.com\/wp-content\/uploads\/2022\/05\/PROWEIN-2022.jpg 1274w\" sizes=\"(max-width: 1024px) 100vw, 1024px\" title=\"\">\t\t\t\t\t\t\t\t\t\t\t\t\t\t\t<\/div>\n\t\t\t\t<\/div>\n\t\t\t\t\t<\/div>\n\t\t\t\t<\/div>\n\t\t<div class=\"elementor-element elementor-element-e6e3f49 e-flex e-con-boxed e-con e-parent\" data-id=\"e6e3f49\" data-element_type=\"container\">\n\t\t\t\t\t<div class=\"e-con-inner\">\n\t\t\t\t<div class=\"elementor-element elementor-element-531219a sc_fly_static elementor-widget elementor-widget-text-editor\" data-id=\"531219a\" data-element_type=\"widget\" data-widget_type=\"text-editor.default\">\n\t\t\t\t<div class=\"elementor-widget-container\">\n\t\t\t\t\t\t\t\t\t<p>This year, we were fortunate enough to participate in Prowein and will be showcasing our wines at the Messe D\u00fcsseldorf complex in Hall 13 of La Rioja, specifically at stand 13A100-13.<\/p>\t\t\t\t\t\t\t\t<\/div>\n\t\t\t\t<\/div>\n\t\t\t\t\t<\/div>\n\t\t\t\t<\/div>\n\t\t<div class=\"elementor-element elementor-element-cd2ec02 e-flex e-con-boxed e-con e-parent\" data-id=\"cd2ec02\" data-element_type=\"container\">\n\t\t\t\t\t<div class=\"e-con-inner\">\n\t\t\t\t<div class=\"elementor-element elementor-element-c709c74 sc_fly_static elementor-widget elementor-widget-heading\" data-id=\"c709c74\" data-element_type=\"widget\" data-widget_type=\"heading.default\">\n\t\t\t\t<div class=\"elementor-widget-container\">\n\t\t\t\t\t<h3 class=\"elementor-heading-title elementor-size-default\">What is Prowein?<\/h3>\t\t\t\t<\/div>\n\t\t\t\t<\/div>\n\t\t\t\t\t<\/div>\n\t\t\t\t<\/div>\n\t\t<div class=\"elementor-element elementor-element-c2fb114 e-flex e-con-boxed e-con e-parent\" data-id=\"c2fb114\" data-element_type=\"container\">\n\t\t\t\t\t<div class=\"e-con-inner\">\n\t\t\t\t<div class=\"elementor-element elementor-element-16247b6 sc_fly_static elementor-widget elementor-widget-text-editor\" data-id=\"16247b6\" data-element_type=\"widget\" data-widget_type=\"text-editor.default\">\n\t\t\t\t<div class=\"elementor-widget-container\">\n\t\t\t\t\t\t\t\t\t<p>ProWein is the world&#8217;s leading international wine and spirits fair, bringing together the world&#8217;s leading importers each year, along with the best wines from the world and Rioja.<\/p>\t\t\t\t\t\t\t\t<\/div>\n\t\t\t\t<\/div>\n\t\t\t\t<div class=\"elementor-element elementor-element-71bf842 sc_fly_static elementor-widget elementor-widget-spacer\" data-id=\"71bf842\" data-element_type=\"widget\" data-widget_type=\"spacer.default\">\n\t\t\t\t<div class=\"elementor-widget-container\">\n\t\t\t\t\t\t\t<div class=\"elementor-spacer\">\n\t\t\t<div class=\"elementor-spacer-inner\"><\/div>\n\t\t<\/div>\n\t\t\t\t\t\t<\/div>\n\t\t\t\t<\/div>\n\t\t\t\t<div class=\"elementor-element elementor-element-f823aa1 sc_fly_static elementor-widget elementor-widget-text-editor\" data-id=\"f823aa1\" data-element_type=\"widget\" data-widget_type=\"text-editor.default\">\n\t\t\t\t<div class=\"elementor-widget-container\">\n\t\t\t\t\t\t\t\t\t<p>The fair brings together international market leaders such as importers and exporters, trade agencies, select winegrowers, and wine-growing regions from major wine-producing nations. This year, 2022, it will feature more than 5,500 exhibitors from over 60 countries presenting their wines, spirits, and artisanal beverages.<\/p>\t\t\t\t\t\t\t\t<\/div>\n\t\t\t\t<\/div>\n\t\t\t\t\t<\/div>\n\t\t\t\t<\/div>\n\t\t<div class=\"elementor-element elementor-element-4319ad3 e-flex e-con-boxed e-con e-parent\" data-id=\"4319ad3\" data-element_type=\"container\">\n\t\t\t\t\t<div class=\"e-con-inner\">\n\t\t\t\t<div class=\"elementor-element elementor-element-e3fd842 sc_fly_static elementor-widget elementor-widget-heading\" data-id=\"e3fd842\" data-element_type=\"widget\" data-widget_type=\"heading.default\">\n\t\t\t\t<div class=\"elementor-widget-container\">\n\t\t\t\t\t<h3 class=\"elementor-heading-title elementor-size-default\">Where is it held?<\/h3>\t\t\t\t<\/div>\n\t\t\t\t<\/div>\n\t\t\t\t\t<\/div>\n\t\t\t\t<\/div>\n\t\t<div class=\"elementor-element elementor-element-b7c19e8 e-flex e-con-boxed e-con e-parent\" data-id=\"b7c19e8\" data-element_type=\"container\">\n\t\t\t\t\t<div class=\"e-con-inner\">\n\t\t\t\t<div class=\"elementor-element elementor-element-a9cbf11 sc_fly_static elementor-widget elementor-widget-text-editor\" data-id=\"a9cbf11\" data-element_type=\"widget\" data-widget_type=\"text-editor.default\">\n\t\t\t\t<div class=\"elementor-widget-container\">\n\t\t\t\t\t\t\t\t\t<p>The fair will be held from May 15th to 17th, from 9:00 a.m. to 6:00 p.m., at the Messe D\u00fcsseldorf exhibition center.<\/p>\t\t\t\t\t\t\t\t<\/div>\n\t\t\t\t<\/div>\n\t\t\t\t<div class=\"elementor-element elementor-element-1557f61 sc_fly_static elementor-widget elementor-widget-spacer\" data-id=\"1557f61\" data-element_type=\"widget\" data-widget_type=\"spacer.default\">\n\t\t\t\t<div class=\"elementor-widget-container\">\n\t\t\t\t\t\t\t<div class=\"elementor-spacer\">\n\t\t\t<div class=\"elementor-spacer-inner\"><\/div>\n\t\t<\/div>\n\t\t\t\t\t\t<\/div>\n\t\t\t\t<\/div>\n\t\t\t\t<div class=\"elementor-element elementor-element-03a6077 sc_fly_static elementor-widget elementor-widget-text-editor\" data-id=\"03a6077\" data-element_type=\"widget\" data-widget_type=\"text-editor.default\">\n\t\t\t\t<div class=\"elementor-widget-container\">\n\t\t\t\t\t\t\t\t\t<p>The exhibition center covers a total area of \u200b\u200bapproximately 307,000 m\u00b2 with 19 halls totaling 264,000 m\u00b2, each with 4,000 to 24,000 m\u00b2 of exhibition space, as well as state-of-the-art facilities, nearly 50,000 m\u00b2 of outdoor space, and a variety of restaurants.<\/p>\t\t\t\t\t\t\t\t<\/div>\n\t\t\t\t<\/div>\n\t\t\t\t\t<\/div>\n\t\t\t\t<\/div>\n\t\t<div class=\"elementor-element elementor-element-5f23660 e-flex e-con-boxed e-con e-parent\" data-id=\"5f23660\" data-element_type=\"container\">\n\t\t\t\t\t<div class=\"e-con-inner\">\n\t\t\t\t<div class=\"elementor-element elementor-element-56e2c62 sc_fly_static elementor-widget elementor-widget-heading\" data-id=\"56e2c62\" data-element_type=\"widget\" data-widget_type=\"heading.default\">\n\t\t\t\t<div class=\"elementor-widget-container\">\n\t\t\t\t\t<h3 class=\"elementor-heading-title elementor-size-default\">What wines do we present?<\/h3>\t\t\t\t<\/div>\n\t\t\t\t<\/div>\n\t\t\t\t\t<\/div>\n\t\t\t\t<\/div>\n\t\t<div class=\"elementor-element elementor-element-7d91069 e-flex e-con-boxed e-con e-parent\" data-id=\"7d91069\" data-element_type=\"container\">\n\t\t\t\t\t<div class=\"e-con-inner\">\n\t\t\t\t<div class=\"elementor-element elementor-element-99c8eef sc_fly_static elementor-widget elementor-widget-text-editor\" data-id=\"99c8eef\" data-element_type=\"widget\" data-widget_type=\"text-editor.default\">\n\t\t\t\t<div class=\"elementor-widget-container\">\n\t\t\t\t\t\t\t\t\t<p>In this edition, our winery will be presenting our wines under the brands Solana de Ramirez, Capricho de Valvanera, Valsarte, and especially Pez\u00f3n Negro.<\/p>\t\t\t\t\t\t\t\t<\/div>\n\t\t\t\t<\/div>\n\t\t\t\t<div class=\"elementor-element elementor-element-97ca34e sc_fly_static elementor-widget elementor-widget-spacer\" data-id=\"97ca34e\" data-element_type=\"widget\" data-widget_type=\"spacer.default\">\n\t\t\t\t<div class=\"elementor-widget-container\">\n\t\t\t\t\t\t\t<div class=\"elementor-spacer\">\n\t\t\t<div class=\"elementor-spacer-inner\"><\/div>\n\t\t<\/div>\n\t\t\t\t\t\t<\/div>\n\t\t\t\t<\/div>\n\t\t\t\t<div class=\"elementor-element elementor-element-12e5ea3 sc_fly_static elementor-widget elementor-widget-text-editor\" data-id=\"12e5ea3\" data-element_type=\"widget\" data-widget_type=\"text-editor.default\">\n\t\t\t\t<div class=\"elementor-widget-container\">\n\t\t\t\t\t\t\t\t\t<p>The latter is a very special new project from the winery, which we launched in 2019. This wine, presented in this edition, comes from a century-old vineyard where all work is carried out sustainably and manually. We then harvest selected grapes in small boxes, keep the grapes refrigerated for subsequent hand-stemming at the ideal time, and produce them in the winery using a completely natural and manual process. We&#8217;d love for you to stop by our stand and try it!<\/p>\t\t\t\t\t\t\t\t<\/div>\n\t\t\t\t<\/div>\n\t\t\t\t\t<\/div>\n\t\t\t\t<\/div>\n\t\t<div class=\"elementor-element elementor-element-caac6de e-flex e-con-boxed e-con e-parent\" data-id=\"caac6de\" data-element_type=\"container\">\n\t\t\t\t\t<div class=\"e-con-inner\">\n\t\t\t\t<div class=\"elementor-element elementor-element-5543d53 sc_fly_static elementor-widget elementor-widget-heading\" data-id=\"5543d53\" data-element_type=\"widget\" data-widget_type=\"heading.default\">\n\t\t\t\t<div class=\"elementor-widget-container\">\n\t\t\t\t\t<h3 class=\"elementor-heading-title elementor-size-default\">Tasting with Pedro Ballesteros<\/h3>\t\t\t\t<\/div>\n\t\t\t\t<\/div>\n\t\t\t\t\t<\/div>\n\t\t\t\t<\/div>\n\t\t<div class=\"elementor-element elementor-element-e3a6364 e-flex e-con-boxed e-con e-parent\" data-id=\"e3a6364\" data-element_type=\"container\">\n\t\t\t\t\t<div class=\"e-con-inner\">\n\t\t\t\t<div class=\"elementor-element elementor-element-d9cb514 sc_fly_static elementor-widget elementor-widget-text-editor\" data-id=\"d9cb514\" data-element_type=\"widget\" data-widget_type=\"text-editor.default\">\n\t\t\t\t<div class=\"elementor-widget-container\">\n\t\t\t\t\t\t\t\t\t<p>This year, our winery will be participating in talks organized by the Regulatory Council of the DO Calificada Rioja. Specifically, we will be participating in the &#8220;Great Vintages of Rioja&#8221; talk on May 16th at 12:00 pm with our Valsarte Reserva 2011 wine, which won a Bronze Medal in Bordeaux at the Challenge International du Vin.<\/p>\t\t\t\t\t\t\t\t<\/div>\n\t\t\t\t<\/div>\n\t\t\t\t<div class=\"elementor-element elementor-element-d5070dd sc_fly_static elementor-widget elementor-widget-spacer\" data-id=\"d5070dd\" data-element_type=\"widget\" data-widget_type=\"spacer.default\">\n\t\t\t\t<div class=\"elementor-widget-container\">\n\t\t\t\t\t\t\t<div class=\"elementor-spacer\">\n\t\t\t<div class=\"elementor-spacer-inner\"><\/div>\n\t\t<\/div>\n\t\t\t\t\t\t<\/div>\n\t\t\t\t<\/div>\n\t\t\t\t<div class=\"elementor-element elementor-element-ac07d94 sc_fly_static elementor-widget elementor-widget-text-editor\" data-id=\"ac07d94\" data-element_type=\"widget\" data-widget_type=\"text-editor.default\">\n\t\t\t\t<div class=\"elementor-widget-container\">\n\t\t\t\t\t\t\t\t\t<p>Our wine will be tasted by Pedro Ballesteros, the first Spaniard to earn the title of Master of Wine. The Master of Wine (Maestro del Vino, or MW) designation is considered in the wine industry to be one of the highest recognitions for those possessing extensive knowledge of everything related to this beverage: culture, business, production, and more.<\/p>\t\t\t\t\t\t\t\t<\/div>\n\t\t\t\t<\/div>\n\t\t\t\t<div class=\"elementor-element elementor-element-c4c8ed0 sc_fly_static elementor-widget elementor-widget-spacer\" data-id=\"c4c8ed0\" data-element_type=\"widget\" data-widget_type=\"spacer.default\">\n\t\t\t\t<div class=\"elementor-widget-container\">\n\t\t\t\t\t\t\t<div class=\"elementor-spacer\">\n\t\t\t<div class=\"elementor-spacer-inner\"><\/div>\n\t\t<\/div>\n\t\t\t\t\t\t<\/div>\n\t\t\t\t<\/div>\n\t\t\t\t<div class=\"elementor-element elementor-element-9769f13 sc_fly_static elementor-widget elementor-widget-text-editor\" data-id=\"9769f13\" data-element_type=\"widget\" data-widget_type=\"text-editor.default\">\n\t\t\t\t<div class=\"elementor-widget-container\">\n\t\t\t\t\t\t\t\t\t<p>We&#8217;re very proud that one of the world&#8217;s best tasters can taste our wine. Of course, we&#8217;ll keep you updated on our experiences after the fair.<\/p>\t\t\t\t\t\t\t\t<\/div>\n\t\t\t\t<\/div>\n\t\t\t\t\t<\/div>\n\t\t\t\t<\/div>\n\t\t<div class=\"elementor-element elementor-element-6805e4f e-flex e-con-boxed e-con e-parent\" data-id=\"6805e4f\" data-element_type=\"container\">\n\t\t\t\t\t<div class=\"e-con-inner\">\n\t\t\t\t<div class=\"elementor-element elementor-element-cf7592e sc_fly_static elementor-widget elementor-widget-text-editor\" data-id=\"cf7592e\" data-element_type=\"widget\" data-widget_type=\"text-editor.default\">\n\t\t\t\t<div class=\"elementor-widget-container\">\n\t\t\t\t\t\t\t\t\t<p>If you visit Prowein, we look forward to seeing you at booth 13A100-13!<\/p>\t\t\t\t\t\t\t\t<\/div>\n\t\t\t\t<\/div>\n\t\t\t\t\t<\/div>\n\t\t\t\t<\/div>\n\t\t\t\t<\/div>\n\t\t","protected":false},"excerpt":{"rendered":"<p>Visita Solana de Ram\u00edrez en plena \u00e9poca de vendimias y vive en primera persona como entran las uvas en bodega y comienza el proceso de elaboraci\u00f3n del vino<\/p>\n","protected":false},"author":134,"featured_media":25743,"comment_status":"open","ping_status":"open","sticky":false,"template":"","format":"standard","meta":{"mc4wp_mailchimp_campaign":[],"_joinchat":[],"footnotes":""},"categories":[250,252],"tags":[],"class_list":["post-35042","post","type-post","status-publish","format-standard","has-post-thumbnail","hentry","category-news","category-wines"],"_links":{"self":[{"href":"https:\/\/valsarte.com\/en\/wp-json\/wp\/v2\/posts\/35042","targetHints":{"allow":["GET"]}}],"collection":[{"href":"https:\/\/valsarte.com\/en\/wp-json\/wp\/v2\/posts"}],"about":[{"href":"https:\/\/valsarte.com\/en\/wp-json\/wp\/v2\/types\/post"}],"author":[{"embeddable":true,"href":"https:\/\/valsarte.com\/en\/wp-json\/wp\/v2\/users\/134"}],"replies":[{"embeddable":true,"href":"https:\/\/valsarte.com\/en\/wp-json\/wp\/v2\/comments?post=35042"}],"version-history":[{"count":0,"href":"https:\/\/valsarte.com\/en\/wp-json\/wp\/v2\/posts\/35042\/revisions"}],"wp:featuredmedia":[{"embeddable":true,"href":"https:\/\/valsarte.com\/en\/wp-json\/wp\/v2\/media\/25743"}],"wp:attachment":[{"href":"https:\/\/valsarte.com\/en\/wp-json\/wp\/v2\/media?parent=35042"}],"wp:term":[{"taxonomy":"category","embeddable":true,"href":"https:\/\/valsarte.com\/en\/wp-json\/wp\/v2\/categories?post=35042"},{"taxonomy":"post_tag","embeddable":true,"href":"https:\/\/valsarte.com\/en\/wp-json\/wp\/v2\/tags?post=35042"}],"curies":[{"name":"wp","href":"https:\/\/api.w.org\/{rel}","templated":true}]}}